{"id":1941,"date":"2025-02-18T18:40:45","date_gmt":"2025-02-18T17:40:45","guid":{"rendered":"https:\/\/www.medianus.at\/bibel\/?p=1941"},"modified":"2025-02-27T06:30:02","modified_gmt":"2025-02-27T05:30:02","slug":"christi-himmelfahrt-die-neue-alte-zeit","status":"publish","type":"post","link":"https:\/\/www.medianus.at\/bibel\/christi-himmelfahrt-die-neue-alte-zeit\/","title":{"rendered":"Christi Himmelfahrt &#8211; Die neue \/ alte Zeit?"},"content":{"rendered":"\n<p>Unabh\u00e4ngig davon, ob Jesus Christus auferstanden ist oder die Kreuzigung \u00fcberlebt hat. In diesem Beitrag geht es um die neue Zeitrechnung, die m\u00f6glicherweise nicht bei der Geburt von Jesus Christus begann.<\/p>\n\n\n\n<p>Belege und Vermutungen verdichten sich immer mehr. In der modernen Zeitrechnung gibt es Ungereimtheiten. Viele Buchautoren haben sich in der Vergangenheit damit befasst. Vom erfundenen Mittelalter, von erfundenen tausend Jahren bis zur alten Welt, welche die gesamte Geschichtsschreibung in Frage stellt.<\/p>\n\n\n<div class=\"wp-block-image\">\n<figure class=\"alignleft size-full is-resized\"><img loading=\"lazy\" decoding=\"async\" width=\"800\" height=\"600\" src=\"https:\/\/www.medianus.at\/bibel\/wp-content\/uploads\/2025\/02\/galleria-umberto-i-naples.webp\" alt=\"\" class=\"wp-image-1942\" style=\"width:394px;height:auto\" srcset=\"https:\/\/www.medianus.at\/bibel\/wp-content\/uploads\/2025\/02\/galleria-umberto-i-naples.webp 800w, https:\/\/www.medianus.at\/bibel\/wp-content\/uploads\/2025\/02\/galleria-umberto-i-naples-300x225.webp 300w, https:\/\/www.medianus.at\/bibel\/wp-content\/uploads\/2025\/02\/galleria-umberto-i-naples-768x576.webp 768w\" sizes=\"(max-width: 709px) 85vw, (max-width: 909px) 67vw, (max-width: 984px) 61vw, (max-width: 1362px) 45vw, 600px\" \/><\/figure><\/div>\n\n\n<p>Hier gehen wir der Frage nach, ob die Zeitrechnung m\u00f6glicherweise mit der Himmelfahrt oder Tod von Jesus Christus begann.<\/p>\n\n\n\n<p>Und die darauf folgende Frage, ob die satanischen M\u00e4chte sp\u00e4ter die neue Zeitrechnung auf die Geburt von Jesus Christus zur\u00fcck versetzt haben.<\/p>\n\n\n<div class=\"wp-block-image\">\n<figure class=\"alignleft size-full is-resized\"><img loading=\"lazy\" decoding=\"async\" width=\"500\" height=\"673\" src=\"https:\/\/www.medianus.at\/bibel\/wp-content\/uploads\/2025\/02\/Umberto_Neapel.png\" alt=\"\" class=\"wp-image-1943\" style=\"width:363px;height:auto\" srcset=\"https:\/\/www.medianus.at\/bibel\/wp-content\/uploads\/2025\/02\/Umberto_Neapel.png 500w, https:\/\/www.medianus.at\/bibel\/wp-content\/uploads\/2025\/02\/Umberto_Neapel-223x300.png 223w\" sizes=\"(max-width: 500px) 85vw, 500px\" \/><\/figure><\/div>\n\n\n<p>Hier wurde das M nachtr\u00e4glich eingef\u00fcgt. Aus den r\u00f6mischen Zahlen DCCCXC wurde MDCCCXC. Aus 890 wurde 1890.<\/p>\n\n\n\n<p>Nicht nur alte Geb\u00e4ude zeugen von den geschichtlichen Ungereimtheiten. <\/p>\n\n\n\n<p>Es gibt jede Menge M\u00fcnzen aus der Vergangenheit, die solche Vermutungen st\u00fctzen.<\/p>\n\n\n\n<figure class=\"wp-block-image size-full\"><img loading=\"lazy\" decoding=\"async\" width=\"530\" height=\"273\" src=\"https:\/\/www.medianus.at\/bibel\/wp-content\/uploads\/2025\/02\/muenze1.png\" alt=\"\" class=\"wp-image-1944\" srcset=\"https:\/\/www.medianus.at\/bibel\/wp-content\/uploads\/2025\/02\/muenze1.png 530w, https:\/\/www.medianus.at\/bibel\/wp-content\/uploads\/2025\/02\/muenze1-300x155.png 300w\" sizes=\"(max-width: 530px) 85vw, 530px\" \/><\/figure>\n\n\n\n<figure class=\"wp-block-image size-full\"><img loading=\"lazy\" decoding=\"async\" width=\"535\" height=\"285\" src=\"https:\/\/www.medianus.at\/bibel\/wp-content\/uploads\/2025\/02\/muenze2.png\" alt=\"\" class=\"wp-image-1945\" srcset=\"https:\/\/www.medianus.at\/bibel\/wp-content\/uploads\/2025\/02\/muenze2.png 535w, https:\/\/www.medianus.at\/bibel\/wp-content\/uploads\/2025\/02\/muenze2-300x160.png 300w\" sizes=\"(max-width: 535px) 85vw, 535px\" \/><\/figure>\n\n\n\n<figure class=\"wp-block-image size-full\"><img loading=\"lazy\" decoding=\"async\" width=\"536\" height=\"273\" src=\"https:\/\/www.medianus.at\/bibel\/wp-content\/uploads\/2025\/02\/muenze3.png\" alt=\"\" class=\"wp-image-1946\" srcset=\"https:\/\/www.medianus.at\/bibel\/wp-content\/uploads\/2025\/02\/muenze3.png 536w, https:\/\/www.medianus.at\/bibel\/wp-content\/uploads\/2025\/02\/muenze3-300x153.png 300w\" sizes=\"(max-width: 536px) 85vw, 536px\" \/><\/figure>\n\n\n\n<h2 class=\"wp-block-heading\">Neue Zeit beginnt mit J 0 oder I 0<\/h2>\n\n\n<div class=\"wp-block-image\">\n<figure class=\"alignleft size-full is-resized\"><img loading=\"lazy\" decoding=\"async\" width=\"535\" height=\"724\" src=\"https:\/\/www.medianus.at\/bibel\/wp-content\/uploads\/2025\/02\/heinrich.png\" alt=\"\" class=\"wp-image-1947\" style=\"width:319px;height:auto\" srcset=\"https:\/\/www.medianus.at\/bibel\/wp-content\/uploads\/2025\/02\/heinrich.png 535w, https:\/\/www.medianus.at\/bibel\/wp-content\/uploads\/2025\/02\/heinrich-222x300.png 222w\" sizes=\"(max-width: 535px) 85vw, 535px\" \/><\/figure><\/div>\n\n\n<p><br>Die Kr\u00f6nung von Heinrich II und Kunigunde durch Jesus Christus.<\/p>\n\n\n\n<p><br>Nach der Wahl Heinrichs wurde er im Mainzer Dom am 7. 7. 1002 gekr\u00f6nt.<\/p>\n\n\n\n<p><br>Oder war es am 7. 7. J 2, also zwei Jahre nach der neuen Zeitrechnung.<\/p>\n\n\n\n<p>Hat Jesus dabei die Macht an einen irdischen K\u00f6nig \u00fcbergeben?<\/p>\n\n\n\n<h2 class=\"wp-block-heading\">Himmelfahrt und\/oder Tod von Jesus<\/h2>\n\n\n\n<p>Nehmen wir theoretisch an, dieser Zeitpunkt w\u00e4re der Beginn der neuen Zeit gewesen.<\/p>\n\n\n\n<p>Wir wissen nicht, wie alt Jesus wurde. Darum wird es schwierig die Jahre zu bestimmen, die in Wahrheit vergangen sind.<\/p>\n\n\n\n<p>Nehmen wir an, wir befinden uns im Jahr 1870 unseres Kalenders.<br>Wurde Jesus beispielsweise 170 Jahre alt, dann w\u00e4ren 170+870=1040 Jahre vergangen, anstatt der 1870 Jahre unserer heutigen Zeitrechnung.<\/p>\n\n\n\n<p>Die Geschichtsf\u00e4lscher h\u00e4tten dann 830 Jahre Geschichten erfunden. Klingt erstmal unglaublich, doch nach Studium zahlreicher B\u00fccher von Historikern ist das viel weniger unglaublich.<\/p>\n\n\n\n<h2 class=\"wp-block-heading\">Satans Wiederkehr<\/h2>\n\n\n\n<p>Satan m\u00fcsste sp\u00e4testens, bei ca. J 870 wiedergekehrt sein, und den Zeitpunkt der Z\u00e4hlung auf die Geburt von Jesus Christus zur\u00fcck versetzt haben. Wahrscheinlich fr\u00fcher, weil die Geschichtsschreibung ab dem 17. Jahrhundert auch harte Fakten enth\u00e4lt.<\/p>\n\n\n\n<p>Satan m\u00fcsste auch den Lauf der Gestirne mit seinen Betr\u00fcgereien abgestimmt haben. Besonders die Planeten Saturn, Jupiter und Mars m\u00fcssten sich nahtlos an gleicher Position befinden, wenn eine Zeit \u00fcbersprungen wird.<\/p>\n\n\n\n<p>Wahrscheinlich war die Lebenszeit von Jesus k\u00fcrzer als 170 Jahre.<\/p>\n\n\n\n<p>Wurde z.B. Jesus 77 Jahre alt, dann h\u00e4tte Satan zwei Saturn-Jupiter-Zyklen \u00fcbersprungen. <br>In diesem Fall w\u00e4ren 77+548=625 Jahre vergangen. Wir w\u00e4ren dann im Jahr 1548 oder auch J 548.<br>Der erfundene Zeitraum w\u00e4ren dann 923 Jahre.<\/p>\n\n\n\n<h2 class=\"wp-block-heading\">Ephemeriden &#8211; Gestirnstand-Tabellen<\/h2>\n\n\n\n<p><br>Das sind Tabellen, die von Astronomen und Astrologen benutzt werden, um die Stellung der Gestirne in Vergangenheit und Zukunft abzulesen.<\/p>\n\n\n\n<p>Sollte diese Theorie der Wahrheit entsprechen, sind alle Daten von den Planeten Uranus, Neptun und Pluto falsch, wenn sie vor der Himmelfahrt Jesu liegen.<\/p>\n\n\n\n<p>Dieses Risiko konnte Satan eingehen, weil diese Planeten erst viel sp\u00e4ter in die Tabellen aufgenommen wurden.<\/p>\n\n\n\n<p>Historische Horoskope sollten deshalb ohne diese Planeten analysiert werden, wenn sie vor dem Tod Jesu liegen.<\/p>\n\n\n\n<h2 class=\"wp-block-heading\">Programm zum Suchen m\u00f6glicher Zeitpunkte<\/h2>\n\n\n<div class=\"wp-block-image\">\n<figure class=\"alignleft size-full is-resized\"><img loading=\"lazy\" decoding=\"async\" width=\"202\" height=\"217\" src=\"https:\/\/www.medianus.at\/bibel\/wp-content\/uploads\/2025\/02\/programm.png\" alt=\"\" class=\"wp-image-1952\" style=\"width:139px;height:auto\"\/><\/figure><\/div>\n\n\n<p>Ihr findet dieses Programm hier<br><a href=\"https:\/\/www.medianus.at\/ephemeriden.html\" target=\"_blank\" rel=\"noreferrer noopener\">ephemeriden<\/a><\/p>\n\n\n\n<p>Das Programm arbeitet mit swetest, als Kern.<\/p>\n\n\n\n<p>Gibt man -? ein, erh\u00e4lt man alle m\u00f6glichen Optionen von swetest.<\/p>\n\n\n\n<p>Mein Programm ben\u00f6tigt folgende Eingaben<\/p>\n\n\n\n<p>700@633@4<\/p>\n\n\n\n<p>Die 633 definiert das Jahr, ab dem die Suche startet.<\/p>\n\n\n\n<p>Die 700 wird zu 633 addiert = 1333. Dann werden hundert Jahre nach m\u00f6glichen Treffern durchsucht. Will man zwei Zyklen \u00fcberspringen, dann 1400 verwenden.<\/p>\n\n\n\n<p>Die 4 ist der Toleranzbereich in Grad. +4 und -4 ergeben eine maximale Abweichung von 8 Grad.<\/p>\n\n\n\n<p>Mars, Jupiter und Saturn in diesem Toleranzbereich erzeugen einen Treffer.<\/p>\n\n\n\n<p>Findet jemand einen Zeitpunkt, bei dem z.B. auch die Gestirne Venus, Merkur, Mond und Sonne genauer passen, w\u00e4re ich f\u00fcr eine Meldung dankbar.<\/p>\n\n\n\n<p>Vielleicht finden wir sogar heraus, wie alt Jesus Christus in Wahrheit wurde.<\/p>\n","protected":false},"excerpt":{"rendered":"<p>Unabh\u00e4ngig davon, ob Jesus Christus auferstanden ist oder die Kreuzigung \u00fcberlebt hat. In diesem Beitrag geht es um die neue Zeitrechnung, die m\u00f6glicherweise nicht bei der Geburt von Jesus Christus begann. Belege und Vermutungen verdichten sich immer mehr. In der modernen Zeitrechnung gibt es Ungereimtheiten. Viele Buchautoren haben sich in der Vergangenheit damit befasst. Vom &hellip; <a href=\"https:\/\/www.medianus.at\/bibel\/christi-himmelfahrt-die-neue-alte-zeit\/\" class=\"more-link\"><span class=\"screen-reader-text\">&#8222;Christi Himmelfahrt &#8211; Die neue \/ alte Zeit?&#8220; <\/span>weiterlesen<\/a><\/p>\n","protected":false},"author":1,"featured_media":0,"comment_status":"closed","ping_status":"closed","sticky":false,"template":"","format":"standard","meta":{"footnotes":""},"categories":[1],"tags":[],"class_list":["post-1941","post","type-post","status-publish","format-standard","hentry","category-allgemein"],"yoast_head":"<!-- This site is optimized with the Yoast SEO plugin v22.9 - https:\/\/yoast.com\/wordpress\/plugins\/seo\/ -->\n<title>Christi Himmelfahrt - Die neue \/ alte Zeit? - Hoax der Geschichte<\/title>\n<meta name=\"description\" content=\"Der Hoax \u00fcber die Geschichte der Menschheit wird sich auch in n\u00e4chster Zeit aufkl\u00e4ren.\" \/>\n<meta name=\"robots\" content=\"index, follow, max-snippet:-1, max-image-preview:large, max-video-preview:-1\" \/>\n<link rel=\"canonical\" href=\"https:\/\/www.medianus.at\/bibel\/christi-himmelfahrt-die-neue-alte-zeit\/\" \/>\n<meta property=\"og:locale\" content=\"de_DE\" \/>\n<meta property=\"og:type\" content=\"article\" \/>\n<meta property=\"og:title\" content=\"Christi Himmelfahrt - Die neue \/ alte Zeit? - Hoax der Geschichte\" \/>\n<meta property=\"og:description\" content=\"Der Hoax \u00fcber die Geschichte der Menschheit wird sich auch in n\u00e4chster Zeit aufkl\u00e4ren.\" \/>\n<meta property=\"og:url\" content=\"https:\/\/www.medianus.at\/bibel\/christi-himmelfahrt-die-neue-alte-zeit\/\" \/>\n<meta property=\"og:site_name\" content=\"Medianus\" \/>\n<meta property=\"article:published_time\" content=\"2025-02-18T17:40:45+00:00\" \/>\n<meta property=\"article:modified_time\" content=\"2025-02-27T05:30:02+00:00\" \/>\n<meta property=\"og:image\" content=\"https:\/\/www.medianus.at\/bibel\/wp-content\/uploads\/2025\/02\/galleria-umberto-i-naples.webp\" \/>\n<meta name=\"author\" content=\"Walter Panhuber\" \/>\n<meta name=\"twitter:card\" content=\"summary_large_image\" \/>\n<meta name=\"twitter:label1\" content=\"Verfasst von\" \/>\n\t<meta name=\"twitter:data1\" content=\"Walter Panhuber\" \/>\n\t<meta name=\"twitter:label2\" content=\"Gesch\u00e4tzte Lesezeit\" \/>\n\t<meta name=\"twitter:data2\" content=\"5\u00a0Minuten\" \/>\n<script type=\"application\/ld+json\" class=\"yoast-schema-graph\">{\"@context\":\"https:\/\/schema.org\",\"@graph\":[{\"@type\":\"Article\",\"@id\":\"https:\/\/www.medianus.at\/bibel\/christi-himmelfahrt-die-neue-alte-zeit\/#article\",\"isPartOf\":{\"@id\":\"https:\/\/www.medianus.at\/bibel\/christi-himmelfahrt-die-neue-alte-zeit\/\"},\"author\":{\"name\":\"Walter Panhuber\",\"@id\":\"https:\/\/www.medianus.at\/bibel\/#\/schema\/person\/9813ce5b369f8452dc40ce133ead17a7\"},\"headline\":\"Christi Himmelfahrt &#8211; Die neue \/ alte Zeit?\",\"datePublished\":\"2025-02-18T17:40:45+00:00\",\"dateModified\":\"2025-02-27T05:30:02+00:00\",\"mainEntityOfPage\":{\"@id\":\"https:\/\/www.medianus.at\/bibel\/christi-himmelfahrt-die-neue-alte-zeit\/\"},\"wordCount\":643,\"publisher\":{\"@id\":\"https:\/\/www.medianus.at\/bibel\/#\/schema\/person\/9813ce5b369f8452dc40ce133ead17a7\"},\"image\":{\"@id\":\"https:\/\/www.medianus.at\/bibel\/christi-himmelfahrt-die-neue-alte-zeit\/#primaryimage\"},\"thumbnailUrl\":\"https:\/\/www.medianus.at\/bibel\/wp-content\/uploads\/2025\/02\/galleria-umberto-i-naples.webp\",\"inLanguage\":\"de\"},{\"@type\":\"WebPage\",\"@id\":\"https:\/\/www.medianus.at\/bibel\/christi-himmelfahrt-die-neue-alte-zeit\/\",\"url\":\"https:\/\/www.medianus.at\/bibel\/christi-himmelfahrt-die-neue-alte-zeit\/\",\"name\":\"Christi Himmelfahrt - Die neue \/ alte Zeit? - Hoax der Geschichte\",\"isPartOf\":{\"@id\":\"https:\/\/www.medianus.at\/bibel\/#website\"},\"primaryImageOfPage\":{\"@id\":\"https:\/\/www.medianus.at\/bibel\/christi-himmelfahrt-die-neue-alte-zeit\/#primaryimage\"},\"image\":{\"@id\":\"https:\/\/www.medianus.at\/bibel\/christi-himmelfahrt-die-neue-alte-zeit\/#primaryimage\"},\"thumbnailUrl\":\"https:\/\/www.medianus.at\/bibel\/wp-content\/uploads\/2025\/02\/galleria-umberto-i-naples.webp\",\"datePublished\":\"2025-02-18T17:40:45+00:00\",\"dateModified\":\"2025-02-27T05:30:02+00:00\",\"description\":\"Der Hoax \u00fcber die Geschichte der Menschheit wird sich auch in n\u00e4chster Zeit aufkl\u00e4ren.\",\"breadcrumb\":{\"@id\":\"https:\/\/www.medianus.at\/bibel\/christi-himmelfahrt-die-neue-alte-zeit\/#breadcrumb\"},\"inLanguage\":\"de\",\"potentialAction\":[{\"@type\":\"ReadAction\",\"target\":[\"https:\/\/www.medianus.at\/bibel\/christi-himmelfahrt-die-neue-alte-zeit\/\"]}]},{\"@type\":\"ImageObject\",\"inLanguage\":\"de\",\"@id\":\"https:\/\/www.medianus.at\/bibel\/christi-himmelfahrt-die-neue-alte-zeit\/#primaryimage\",\"url\":\"https:\/\/www.medianus.at\/bibel\/wp-content\/uploads\/2025\/02\/galleria-umberto-i-naples.webp\",\"contentUrl\":\"https:\/\/www.medianus.at\/bibel\/wp-content\/uploads\/2025\/02\/galleria-umberto-i-naples.webp\",\"width\":800,\"height\":600},{\"@type\":\"BreadcrumbList\",\"@id\":\"https:\/\/www.medianus.at\/bibel\/christi-himmelfahrt-die-neue-alte-zeit\/#breadcrumb\",\"itemListElement\":[{\"@type\":\"ListItem\",\"position\":1,\"name\":\"Startseite\",\"item\":\"https:\/\/www.medianus.at\/bibel\/\"},{\"@type\":\"ListItem\",\"position\":2,\"name\":\"Christi Himmelfahrt &#8211; Die neue \/ alte Zeit?\"}]},{\"@type\":\"WebSite\",\"@id\":\"https:\/\/www.medianus.at\/bibel\/#website\",\"url\":\"https:\/\/www.medianus.at\/bibel\/\",\"name\":\"Medianus\",\"description\":\"Endzeitbewu\u00dftsein\",\"publisher\":{\"@id\":\"https:\/\/www.medianus.at\/bibel\/#\/schema\/person\/9813ce5b369f8452dc40ce133ead17a7\"},\"potentialAction\":[{\"@type\":\"SearchAction\",\"target\":{\"@type\":\"EntryPoint\",\"urlTemplate\":\"https:\/\/www.medianus.at\/bibel\/?s={search_term_string}\"},\"query-input\":\"required name=search_term_string\"}],\"inLanguage\":\"de\"},{\"@type\":[\"Person\",\"Organization\"],\"@id\":\"https:\/\/www.medianus.at\/bibel\/#\/schema\/person\/9813ce5b369f8452dc40ce133ead17a7\",\"name\":\"Walter Panhuber\",\"image\":{\"@type\":\"ImageObject\",\"inLanguage\":\"de\",\"@id\":\"https:\/\/www.medianus.at\/bibel\/#\/schema\/person\/image\/\",\"url\":\"https:\/\/secure.gravatar.com\/avatar\/ff8326d54d16e623f9e2aeb12289ecab?s=96&d=mm&r=g\",\"contentUrl\":\"https:\/\/secure.gravatar.com\/avatar\/ff8326d54d16e623f9e2aeb12289ecab?s=96&d=mm&r=g\",\"caption\":\"Walter Panhuber\"},\"logo\":{\"@id\":\"https:\/\/www.medianus.at\/bibel\/#\/schema\/person\/image\/\"}}]}<\/script>\n<!-- \/ Yoast SEO plugin. -->","yoast_head_json":{"title":"Christi Himmelfahrt - Die neue \/ alte Zeit? - Hoax der Geschichte","description":"Der Hoax \u00fcber die Geschichte der Menschheit wird sich auch in n\u00e4chster Zeit aufkl\u00e4ren.","robots":{"index":"index","follow":"follow","max-snippet":"max-snippet:-1","max-image-preview":"max-image-preview:large","max-video-preview":"max-video-preview:-1"},"canonical":"https:\/\/www.medianus.at\/bibel\/christi-himmelfahrt-die-neue-alte-zeit\/","og_locale":"de_DE","og_type":"article","og_title":"Christi Himmelfahrt - Die neue \/ alte Zeit? - Hoax der Geschichte","og_description":"Der Hoax \u00fcber die Geschichte der Menschheit wird sich auch in n\u00e4chster Zeit aufkl\u00e4ren.","og_url":"https:\/\/www.medianus.at\/bibel\/christi-himmelfahrt-die-neue-alte-zeit\/","og_site_name":"Medianus","article_published_time":"2025-02-18T17:40:45+00:00","article_modified_time":"2025-02-27T05:30:02+00:00","og_image":[{"url":"https:\/\/www.medianus.at\/bibel\/wp-content\/uploads\/2025\/02\/galleria-umberto-i-naples.webp"}],"author":"Walter Panhuber","twitter_card":"summary_large_image","twitter_misc":{"Verfasst von":"Walter Panhuber","Gesch\u00e4tzte Lesezeit":"5\u00a0Minuten"},"schema":{"@context":"https:\/\/schema.org","@graph":[{"@type":"Article","@id":"https:\/\/www.medianus.at\/bibel\/christi-himmelfahrt-die-neue-alte-zeit\/#article","isPartOf":{"@id":"https:\/\/www.medianus.at\/bibel\/christi-himmelfahrt-die-neue-alte-zeit\/"},"author":{"name":"Walter Panhuber","@id":"https:\/\/www.medianus.at\/bibel\/#\/schema\/person\/9813ce5b369f8452dc40ce133ead17a7"},"headline":"Christi Himmelfahrt &#8211; Die neue \/ alte Zeit?","datePublished":"2025-02-18T17:40:45+00:00","dateModified":"2025-02-27T05:30:02+00:00","mainEntityOfPage":{"@id":"https:\/\/www.medianus.at\/bibel\/christi-himmelfahrt-die-neue-alte-zeit\/"},"wordCount":643,"publisher":{"@id":"https:\/\/www.medianus.at\/bibel\/#\/schema\/person\/9813ce5b369f8452dc40ce133ead17a7"},"image":{"@id":"https:\/\/www.medianus.at\/bibel\/christi-himmelfahrt-die-neue-alte-zeit\/#primaryimage"},"thumbnailUrl":"https:\/\/www.medianus.at\/bibel\/wp-content\/uploads\/2025\/02\/galleria-umberto-i-naples.webp","inLanguage":"de"},{"@type":"WebPage","@id":"https:\/\/www.medianus.at\/bibel\/christi-himmelfahrt-die-neue-alte-zeit\/","url":"https:\/\/www.medianus.at\/bibel\/christi-himmelfahrt-die-neue-alte-zeit\/","name":"Christi Himmelfahrt - Die neue \/ alte Zeit? - Hoax der Geschichte","isPartOf":{"@id":"https:\/\/www.medianus.at\/bibel\/#website"},"primaryImageOfPage":{"@id":"https:\/\/www.medianus.at\/bibel\/christi-himmelfahrt-die-neue-alte-zeit\/#primaryimage"},"image":{"@id":"https:\/\/www.medianus.at\/bibel\/christi-himmelfahrt-die-neue-alte-zeit\/#primaryimage"},"thumbnailUrl":"https:\/\/www.medianus.at\/bibel\/wp-content\/uploads\/2025\/02\/galleria-umberto-i-naples.webp","datePublished":"2025-02-18T17:40:45+00:00","dateModified":"2025-02-27T05:30:02+00:00","description":"Der Hoax \u00fcber die Geschichte der Menschheit wird sich auch in n\u00e4chster Zeit aufkl\u00e4ren.","breadcrumb":{"@id":"https:\/\/www.medianus.at\/bibel\/christi-himmelfahrt-die-neue-alte-zeit\/#breadcrumb"},"inLanguage":"de","potentialAction":[{"@type":"ReadAction","target":["https:\/\/www.medianus.at\/bibel\/christi-himmelfahrt-die-neue-alte-zeit\/"]}]},{"@type":"ImageObject","inLanguage":"de","@id":"https:\/\/www.medianus.at\/bibel\/christi-himmelfahrt-die-neue-alte-zeit\/#primaryimage","url":"https:\/\/www.medianus.at\/bibel\/wp-content\/uploads\/2025\/02\/galleria-umberto-i-naples.webp","contentUrl":"https:\/\/www.medianus.at\/bibel\/wp-content\/uploads\/2025\/02\/galleria-umberto-i-naples.webp","width":800,"height":600},{"@type":"BreadcrumbList","@id":"https:\/\/www.medianus.at\/bibel\/christi-himmelfahrt-die-neue-alte-zeit\/#breadcrumb","itemListElement":[{"@type":"ListItem","position":1,"name":"Startseite","item":"https:\/\/www.medianus.at\/bibel\/"},{"@type":"ListItem","position":2,"name":"Christi Himmelfahrt &#8211; Die neue \/ alte Zeit?"}]},{"@type":"WebSite","@id":"https:\/\/www.medianus.at\/bibel\/#website","url":"https:\/\/www.medianus.at\/bibel\/","name":"Medianus","description":"Endzeitbewu\u00dftsein","publisher":{"@id":"https:\/\/www.medianus.at\/bibel\/#\/schema\/person\/9813ce5b369f8452dc40ce133ead17a7"},"potentialAction":[{"@type":"SearchAction","target":{"@type":"EntryPoint","urlTemplate":"https:\/\/www.medianus.at\/bibel\/?s={search_term_string}"},"query-input":"required name=search_term_string"}],"inLanguage":"de"},{"@type":["Person","Organization"],"@id":"https:\/\/www.medianus.at\/bibel\/#\/schema\/person\/9813ce5b369f8452dc40ce133ead17a7","name":"Walter Panhuber","image":{"@type":"ImageObject","inLanguage":"de","@id":"https:\/\/www.medianus.at\/bibel\/#\/schema\/person\/image\/","url":"https:\/\/secure.gravatar.com\/avatar\/ff8326d54d16e623f9e2aeb12289ecab?s=96&d=mm&r=g","contentUrl":"https:\/\/secure.gravatar.com\/avatar\/ff8326d54d16e623f9e2aeb12289ecab?s=96&d=mm&r=g","caption":"Walter Panhuber"},"logo":{"@id":"https:\/\/www.medianus.at\/bibel\/#\/schema\/person\/image\/"}}]}},"_links":{"self":[{"href":"https:\/\/www.medianus.at\/bibel\/wp-json\/wp\/v2\/posts\/1941"}],"collection":[{"href":"https:\/\/www.medianus.at\/bibel\/wp-json\/wp\/v2\/posts"}],"about":[{"href":"https:\/\/www.medianus.at\/bibel\/wp-json\/wp\/v2\/types\/post"}],"author":[{"embeddable":true,"href":"https:\/\/www.medianus.at\/bibel\/wp-json\/wp\/v2\/users\/1"}],"replies":[{"embeddable":true,"href":"https:\/\/www.medianus.at\/bibel\/wp-json\/wp\/v2\/comments?post=1941"}],"version-history":[{"count":8,"href":"https:\/\/www.medianus.at\/bibel\/wp-json\/wp\/v2\/posts\/1941\/revisions"}],"predecessor-version":[{"id":1989,"href":"https:\/\/www.medianus.at\/bibel\/wp-json\/wp\/v2\/posts\/1941\/revisions\/1989"}],"wp:attachment":[{"href":"https:\/\/www.medianus.at\/bibel\/wp-json\/wp\/v2\/media?parent=1941"}],"wp:term":[{"taxonomy":"category","embeddable":true,"href":"https:\/\/www.medianus.at\/bibel\/wp-json\/wp\/v2\/categories?post=1941"},{"taxonomy":"post_tag","embeddable":true,"href":"https:\/\/www.medianus.at\/bibel\/wp-json\/wp\/v2\/tags?post=1941"}],"curies":[{"name":"wp","href":"https:\/\/api.w.org\/{rel}","templated":true}]}}